{"id":5344,"date":"2020-04-21T14:29:49","date_gmt":"2020-04-21T12:29:49","guid":{"rendered":"https:\/\/www.ville-clerac.fr\/?p=5344"},"modified":"2020-04-21T14:29:49","modified_gmt":"2020-04-21T12:29:49","slug":"opening-of-the-clerac-recycling-center","status":"publish","type":"post","link":"https:\/\/www.ville-clerac.fr\/en\/opening-of-the-clerac-recycling-center\/","title":{"rendered":"Opening of the Cl\u00e9rac recycling center"},"content":{"rendered":"<pre id=\"tw-target-text\" class=\"tw-data-text tw-text-large tw-ta\" dir=\"ltr\" style=\"text-align: left;\" data-placeholder=\"Traduction\"><span lang=\"en\">The Cl\u00e9rac recycling center is open from 04\/21 under certain conditions given the context. You will find in <a href=\"https:\/\/www.ville-clerac.fr\/wp-content\/uploads\/2020\/04\/Ouverture-D\u00e9chetterie-SOTRIVAL-COVID19.pdf\" target=\"_blank\" rel=\"noopener\">this document<\/a> all the information necessary to access the site.\r\n\r\nIn addition, you will also find information for recycling centers in the sector dependent on the Community of Communes, for <a href=\"https:\/\/www.ville-clerac.fr\/wp-content\/uploads\/2020\/04\/acc\u00e8s-d\u00e9ch\u00e8teries-particuliers.pdf\" target=\"_blank\" rel=\"noopener\">individuals<\/a> and for <a href=\"https:\/\/www.ville-clerac.fr\/wp-content\/uploads\/2020\/04\/Acc\u00e8s-dech\u00e8teries-pros.pdf\" target=\"_blank\" rel=\"noopener\">professionals<\/a>.<\/span><\/pre>\n","protected":false},"excerpt":{"rendered":"<p>The Cl\u00e9rac recycling center is open from 04\/21 under certain conditions given the context. You will find in this document all the information necessary to access the site. In addition, you will also find information for recycling centers in the sector dependent on the Community of Communes, for individuals and for professionals.<\/p>\n","protected":false},"author":5,"featured_media":2382,"comment_status":"closed","ping_status":"closed","sticky":false,"template":"","format":"standard","meta":{"footnotes":""},"categories":[275],"tags":[],"class_list":["post-5344","post","type-post","status-publish","format-standard","has-post-thumbnail","hentry","category-news"],"yoast_head":"<!-- This site is optimized with the Yoast SEO plugin v27.4 - https:\/\/yoast.com\/product\/yoast-seo-wordpress\/ -->\n<title>Opening of the Cl\u00e9rac recycling center - City of Cl\u00e9rac<\/title>\n<meta name=\"robots\" content=\"index, follow, max-snippet:-1, max-image-preview:large, max-video-preview:-1\" \/>\n<link rel=\"canonical\" href=\"https:\/\/www.ville-clerac.fr\/en\/opening-of-the-clerac-recycling-center\/\" \/>\n<meta property=\"og:locale\" content=\"en_US\" \/>\n<meta property=\"og:type\" content=\"article\" \/>\n<meta property=\"og:title\" content=\"Opening of the Cl\u00e9rac recycling center - City of Cl\u00e9rac\" \/>\n<meta property=\"og:description\" content=\"The Cl\u00e9rac recycling center is open from 04\/21 under certain conditions given the context. You will find in this document all the information necessary to access the site. In addition, you will also find information for recycling centers in the sector dependent on the Community of Communes, for individuals and for professionals.\" \/>\n<meta property=\"og:url\" content=\"https:\/\/www.ville-clerac.fr\/en\/opening-of-the-clerac-recycling-center\/\" \/>\n<meta property=\"og:site_name\" content=\"City of Cl\u00e9rac\" \/>\n<meta property=\"article:published_time\" content=\"2020-04-21T12:29:49+00:00\" \/>\n<meta property=\"og:image\" content=\"https:\/\/www.ville-clerac.fr\/wp-content\/uploads\/2017\/10\/w2c-logo-clerac.jpg\" \/>\n\t<meta property=\"og:image:width\" content=\"940\" \/>\n\t<meta property=\"og:image:height\" content=\"630\" \/>\n\t<meta property=\"og:image:type\" content=\"image\/jpeg\" \/>\n<meta name=\"author\" content=\"Adeline MIMAUD\" \/>\n<meta name=\"twitter:card\" content=\"summary_large_image\" \/>\n<meta name=\"twitter:label1\" content=\"Written by\" \/>\n\t<meta name=\"twitter:data1\" content=\"Adeline MIMAUD\" \/>\n<script type=\"application\/ld+json\" class=\"yoast-schema-graph\">{\"@context\":\"https:\\\/\\\/schema.org\",\"@graph\":[{\"@type\":\"Article\",\"@id\":\"https:\\\/\\\/www.ville-clerac.fr\\\/en\\\/opening-of-the-clerac-recycling-center\\\/#article\",\"isPartOf\":{\"@id\":\"https:\\\/\\\/www.ville-clerac.fr\\\/en\\\/opening-of-the-clerac-recycling-center\\\/\"},\"author\":{\"name\":\"Adeline MIMAUD\",\"@id\":\"https:\\\/\\\/www.ville-clerac.fr\\\/#\\\/schema\\\/person\\\/15c3d9702ce5d18bc12f0b43ca12a148\"},\"headline\":\"Opening of the Cl\u00e9rac recycling center\",\"datePublished\":\"2020-04-21T12:29:49+00:00\",\"mainEntityOfPage\":{\"@id\":\"https:\\\/\\\/www.ville-clerac.fr\\\/en\\\/opening-of-the-clerac-recycling-center\\\/\"},\"wordCount\":7,\"publisher\":{\"@id\":\"https:\\\/\\\/www.ville-clerac.fr\\\/#organization\"},\"image\":{\"@id\":\"https:\\\/\\\/www.ville-clerac.fr\\\/en\\\/opening-of-the-clerac-recycling-center\\\/#primaryimage\"},\"thumbnailUrl\":\"https:\\\/\\\/www.ville-clerac.fr\\\/wp-content\\\/uploads\\\/2017\\\/10\\\/w2c-logo-clerac.jpg\",\"articleSection\":[\"News\"],\"inLanguage\":\"en-US\"},{\"@type\":\"WebPage\",\"@id\":\"https:\\\/\\\/www.ville-clerac.fr\\\/en\\\/opening-of-the-clerac-recycling-center\\\/\",\"url\":\"https:\\\/\\\/www.ville-clerac.fr\\\/en\\\/opening-of-the-clerac-recycling-center\\\/\",\"name\":\"Opening of the Cl\u00e9rac recycling center - City of Cl\u00e9rac\",\"isPartOf\":{\"@id\":\"https:\\\/\\\/www.ville-clerac.fr\\\/#website\"},\"primaryImageOfPage\":{\"@id\":\"https:\\\/\\\/www.ville-clerac.fr\\\/en\\\/opening-of-the-clerac-recycling-center\\\/#primaryimage\"},\"image\":{\"@id\":\"https:\\\/\\\/www.ville-clerac.fr\\\/en\\\/opening-of-the-clerac-recycling-center\\\/#primaryimage\"},\"thumbnailUrl\":\"https:\\\/\\\/www.ville-clerac.fr\\\/wp-content\\\/uploads\\\/2017\\\/10\\\/w2c-logo-clerac.jpg\",\"datePublished\":\"2020-04-21T12:29:49+00:00\",\"breadcrumb\":{\"@id\":\"https:\\\/\\\/www.ville-clerac.fr\\\/en\\\/opening-of-the-clerac-recycling-center\\\/#breadcrumb\"},\"inLanguage\":\"en-US\",\"potentialAction\":[{\"@type\":\"ReadAction\",\"target\":[\"https:\\\/\\\/www.ville-clerac.fr\\\/en\\\/opening-of-the-clerac-recycling-center\\\/\"]}]},{\"@type\":\"ImageObject\",\"inLanguage\":\"en-US\",\"@id\":\"https:\\\/\\\/www.ville-clerac.fr\\\/en\\\/opening-of-the-clerac-recycling-center\\\/#primaryimage\",\"url\":\"https:\\\/\\\/www.ville-clerac.fr\\\/wp-content\\\/uploads\\\/2017\\\/10\\\/w2c-logo-clerac.jpg\",\"contentUrl\":\"https:\\\/\\\/www.ville-clerac.fr\\\/wp-content\\\/uploads\\\/2017\\\/10\\\/w2c-logo-clerac.jpg\",\"width\":940,\"height\":630,\"caption\":\"Ville de Cl\u00e9rac en Charente Maritime\"},{\"@type\":\"BreadcrumbList\",\"@id\":\"https:\\\/\\\/www.ville-clerac.fr\\\/en\\\/opening-of-the-clerac-recycling-center\\\/#breadcrumb\",\"itemListElement\":[{\"@type\":\"ListItem\",\"position\":1,\"name\":\"Accueil\",\"item\":\"https:\\\/\\\/www.ville-clerac.fr\\\/en\\\/\"},{\"@type\":\"ListItem\",\"position\":2,\"name\":\"Opening of the Cl\u00e9rac recycling center\"}]},{\"@type\":\"WebSite\",\"@id\":\"https:\\\/\\\/www.ville-clerac.fr\\\/#website\",\"url\":\"https:\\\/\\\/www.ville-clerac.fr\\\/\",\"name\":\"City of Cl\u00e9rac\",\"description\":\"Official website\",\"publisher\":{\"@id\":\"https:\\\/\\\/www.ville-clerac.fr\\\/#organization\"},\"potentialAction\":[{\"@type\":\"SearchAction\",\"target\":{\"@type\":\"EntryPoint\",\"urlTemplate\":\"https:\\\/\\\/www.ville-clerac.fr\\\/?s={search_term_string}\"},\"query-input\":{\"@type\":\"PropertyValueSpecification\",\"valueRequired\":true,\"valueName\":\"search_term_string\"}}],\"inLanguage\":\"en-US\"},{\"@type\":\"Organization\",\"@id\":\"https:\\\/\\\/www.ville-clerac.fr\\\/#organization\",\"name\":\"City of Cl\u00e9rac\",\"url\":\"https:\\\/\\\/www.ville-clerac.fr\\\/\",\"logo\":{\"@type\":\"ImageObject\",\"inLanguage\":\"en-US\",\"@id\":\"https:\\\/\\\/www.ville-clerac.fr\\\/#\\\/schema\\\/logo\\\/image\\\/\",\"url\":\"https:\\\/\\\/www.ville-clerac.fr\\\/wp-content\\\/uploads\\\/2017\\\/10\\\/cropped-logo-03.png\",\"contentUrl\":\"https:\\\/\\\/www.ville-clerac.fr\\\/wp-content\\\/uploads\\\/2017\\\/10\\\/cropped-logo-03.png\",\"width\":512,\"height\":512,\"caption\":\"City of Cl\u00e9rac\"},\"image\":{\"@id\":\"https:\\\/\\\/www.ville-clerac.fr\\\/#\\\/schema\\\/logo\\\/image\\\/\"}},{\"@type\":\"Person\",\"@id\":\"https:\\\/\\\/www.ville-clerac.fr\\\/#\\\/schema\\\/person\\\/15c3d9702ce5d18bc12f0b43ca12a148\",\"name\":\"Adeline MIMAUD\"}]}<\/script>\n<!-- \/ Yoast SEO plugin. -->","yoast_head_json":{"title":"Opening of the Cl\u00e9rac recycling center - City of Cl\u00e9rac","robots":{"index":"index","follow":"follow","max-snippet":"max-snippet:-1","max-image-preview":"max-image-preview:large","max-video-preview":"max-video-preview:-1"},"canonical":"https:\/\/www.ville-clerac.fr\/en\/opening-of-the-clerac-recycling-center\/","og_locale":"en_US","og_type":"article","og_title":"Opening of the Cl\u00e9rac recycling center - City of Cl\u00e9rac","og_description":"The Cl\u00e9rac recycling center is open from 04\/21 under certain conditions given the context. You will find in this document all the information necessary to access the site. In addition, you will also find information for recycling centers in the sector dependent on the Community of Communes, for individuals and for professionals.","og_url":"https:\/\/www.ville-clerac.fr\/en\/opening-of-the-clerac-recycling-center\/","og_site_name":"City of Cl\u00e9rac","article_published_time":"2020-04-21T12:29:49+00:00","og_image":[{"width":940,"height":630,"url":"https:\/\/www.ville-clerac.fr\/wp-content\/uploads\/2017\/10\/w2c-logo-clerac.jpg","type":"image\/jpeg"}],"author":"Adeline MIMAUD","twitter_card":"summary_large_image","twitter_misc":{"Written by":"Adeline MIMAUD"},"schema":{"@context":"https:\/\/schema.org","@graph":[{"@type":"Article","@id":"https:\/\/www.ville-clerac.fr\/en\/opening-of-the-clerac-recycling-center\/#article","isPartOf":{"@id":"https:\/\/www.ville-clerac.fr\/en\/opening-of-the-clerac-recycling-center\/"},"author":{"name":"Adeline MIMAUD","@id":"https:\/\/www.ville-clerac.fr\/#\/schema\/person\/15c3d9702ce5d18bc12f0b43ca12a148"},"headline":"Opening of the Cl\u00e9rac recycling center","datePublished":"2020-04-21T12:29:49+00:00","mainEntityOfPage":{"@id":"https:\/\/www.ville-clerac.fr\/en\/opening-of-the-clerac-recycling-center\/"},"wordCount":7,"publisher":{"@id":"https:\/\/www.ville-clerac.fr\/#organization"},"image":{"@id":"https:\/\/www.ville-clerac.fr\/en\/opening-of-the-clerac-recycling-center\/#primaryimage"},"thumbnailUrl":"https:\/\/www.ville-clerac.fr\/wp-content\/uploads\/2017\/10\/w2c-logo-clerac.jpg","articleSection":["News"],"inLanguage":"en-US"},{"@type":"WebPage","@id":"https:\/\/www.ville-clerac.fr\/en\/opening-of-the-clerac-recycling-center\/","url":"https:\/\/www.ville-clerac.fr\/en\/opening-of-the-clerac-recycling-center\/","name":"Opening of the Cl\u00e9rac recycling center - City of Cl\u00e9rac","isPartOf":{"@id":"https:\/\/www.ville-clerac.fr\/#website"},"primaryImageOfPage":{"@id":"https:\/\/www.ville-clerac.fr\/en\/opening-of-the-clerac-recycling-center\/#primaryimage"},"image":{"@id":"https:\/\/www.ville-clerac.fr\/en\/opening-of-the-clerac-recycling-center\/#primaryimage"},"thumbnailUrl":"https:\/\/www.ville-clerac.fr\/wp-content\/uploads\/2017\/10\/w2c-logo-clerac.jpg","datePublished":"2020-04-21T12:29:49+00:00","breadcrumb":{"@id":"https:\/\/www.ville-clerac.fr\/en\/opening-of-the-clerac-recycling-center\/#breadcrumb"},"inLanguage":"en-US","potentialAction":[{"@type":"ReadAction","target":["https:\/\/www.ville-clerac.fr\/en\/opening-of-the-clerac-recycling-center\/"]}]},{"@type":"ImageObject","inLanguage":"en-US","@id":"https:\/\/www.ville-clerac.fr\/en\/opening-of-the-clerac-recycling-center\/#primaryimage","url":"https:\/\/www.ville-clerac.fr\/wp-content\/uploads\/2017\/10\/w2c-logo-clerac.jpg","contentUrl":"https:\/\/www.ville-clerac.fr\/wp-content\/uploads\/2017\/10\/w2c-logo-clerac.jpg","width":940,"height":630,"caption":"Ville de Cl\u00e9rac en Charente Maritime"},{"@type":"BreadcrumbList","@id":"https:\/\/www.ville-clerac.fr\/en\/opening-of-the-clerac-recycling-center\/#breadcrumb","itemListElement":[{"@type":"ListItem","position":1,"name":"Accueil","item":"https:\/\/www.ville-clerac.fr\/en\/"},{"@type":"ListItem","position":2,"name":"Opening of the Cl\u00e9rac recycling center"}]},{"@type":"WebSite","@id":"https:\/\/www.ville-clerac.fr\/#website","url":"https:\/\/www.ville-clerac.fr\/","name":"City of Cl\u00e9rac","description":"Official website","publisher":{"@id":"https:\/\/www.ville-clerac.fr\/#organization"},"potentialAction":[{"@type":"SearchAction","target":{"@type":"EntryPoint","urlTemplate":"https:\/\/www.ville-clerac.fr\/?s={search_term_string}"},"query-input":{"@type":"PropertyValueSpecification","valueRequired":true,"valueName":"search_term_string"}}],"inLanguage":"en-US"},{"@type":"Organization","@id":"https:\/\/www.ville-clerac.fr\/#organization","name":"City of Cl\u00e9rac","url":"https:\/\/www.ville-clerac.fr\/","logo":{"@type":"ImageObject","inLanguage":"en-US","@id":"https:\/\/www.ville-clerac.fr\/#\/schema\/logo\/image\/","url":"https:\/\/www.ville-clerac.fr\/wp-content\/uploads\/2017\/10\/cropped-logo-03.png","contentUrl":"https:\/\/www.ville-clerac.fr\/wp-content\/uploads\/2017\/10\/cropped-logo-03.png","width":512,"height":512,"caption":"City of Cl\u00e9rac"},"image":{"@id":"https:\/\/www.ville-clerac.fr\/#\/schema\/logo\/image\/"}},{"@type":"Person","@id":"https:\/\/www.ville-clerac.fr\/#\/schema\/person\/15c3d9702ce5d18bc12f0b43ca12a148","name":"Adeline MIMAUD"}]}},"_links":{"self":[{"href":"https:\/\/www.ville-clerac.fr\/en\/wp-json\/wp\/v2\/posts\/5344","targetHints":{"allow":["GET"]}}],"collection":[{"href":"https:\/\/www.ville-clerac.fr\/en\/wp-json\/wp\/v2\/posts"}],"about":[{"href":"https:\/\/www.ville-clerac.fr\/en\/wp-json\/wp\/v2\/types\/post"}],"author":[{"embeddable":true,"href":"https:\/\/www.ville-clerac.fr\/en\/wp-json\/wp\/v2\/users\/5"}],"replies":[{"embeddable":true,"href":"https:\/\/www.ville-clerac.fr\/en\/wp-json\/wp\/v2\/comments?post=5344"}],"version-history":[{"count":1,"href":"https:\/\/www.ville-clerac.fr\/en\/wp-json\/wp\/v2\/posts\/5344\/revisions"}],"predecessor-version":[{"id":5345,"href":"https:\/\/www.ville-clerac.fr\/en\/wp-json\/wp\/v2\/posts\/5344\/revisions\/5345"}],"wp:featuredmedia":[{"embeddable":true,"href":"https:\/\/www.ville-clerac.fr\/en\/wp-json\/wp\/v2\/media\/2382"}],"wp:attachment":[{"href":"https:\/\/www.ville-clerac.fr\/en\/wp-json\/wp\/v2\/media?parent=5344"}],"wp:term":[{"taxonomy":"category","embeddable":true,"href":"https:\/\/www.ville-clerac.fr\/en\/wp-json\/wp\/v2\/categories?post=5344"},{"taxonomy":"post_tag","embeddable":true,"href":"https:\/\/www.ville-clerac.fr\/en\/wp-json\/wp\/v2\/tags?post=5344"}],"curies":[{"name":"wp","href":"https:\/\/api.w.org\/{rel}","templated":true}]}}